{"id":9604,"date":"2021-12-09T12:24:43","date_gmt":"2021-12-09T12:24:43","guid":{"rendered":"https:\/\/accionmk.com\/?p=7926"},"modified":"2021-12-09T12:24:43","modified_gmt":"2021-12-09T12:24:43","slug":"18-anos-de-accionmk","status":"publish","type":"post","link":"https:\/\/www.accionmk.com\/fr\/18-ans-dactionmk\/","title":{"rendered":"18 ans d'ActionMK"},"content":{"rendered":"<p>Le jeudi 2 d\u00e9cembre, nous avons organis\u00e9 l'un des \u00e9v\u00e9nements les plus importants de notre histoire en tant qu'entreprise, en c\u00e9l\u00e9brant le \"passage \u00e0 l'\u00e2ge adulte\", 18 ans apr\u00e8s la cr\u00e9ation de notre soci\u00e9t\u00e9. Et comme tous les anniversaires de passage \u00e0 l'\u00e2ge adulte, il a \u00e9t\u00e9 c\u00e9l\u00e9br\u00e9 avec style. Pour une bonne f\u00eate, de nombreux \u00e9l\u00e9ments sont importants, mais il y en a deux qui sont toujours fondamentaux : le lieu o\u00f9 la f\u00eate est c\u00e9l\u00e9br\u00e9e et les invit\u00e9s qui y assistent.<\/p>\n\n\n\n<div class=\"wp-block-image\"><figure class=\"aligncenter\"><img decoding=\"async\" src=\"https:\/\/accionmk.com\/wp-content\/uploads\/2021\/12\/accionMK-celebracion-palacio-monte-miramar-entrada.jpg\" alt=\"R\u00e9ception C\u00e9l\u00e9bration du 18e anniversaire\" class=\"wp-image-7931\"\/><\/figure><\/div>\n\n\n\n<p>Pour l'occasion, le lieu choisi pour c\u00e9l\u00e9brer cet \u00e9v\u00e9nement n'\u00e9tait autre que l'incroyable Palacio Monte Miramar, situ\u00e9 dans l'un des meilleurs quartiers de Malaga. L'entr\u00e9e majestueuse du b\u00e2timent a servi de lieu de r\u00e9ception et de photocall pour les invit\u00e9s.<\/p>\n\n\n\n<figure class=\"wp-block-image\"><img decoding=\"async\" src=\"https:\/\/accionmk.com\/wp-content\/uploads\/2021\/12\/photocall-accionmk.jpg\" alt=\"Photocall ActionMK\" class=\"wp-image-7933\"\/><\/figure>\n\n\n\n<p>Pour l'\u00e9quipe d'Acci\u00f3nMK et de Clave 3, elle a \u00e9t\u00e9 utilis\u00e9e comme salle de r\u00e9union avant l'\u00e9v\u00e9nement afin que tout soit pr\u00eat et d\u00e9taill\u00e9 pour le d\u00e9but de l'\u00e9v\u00e9nement. Le jardin arri\u00e8re du Monte Miramar Palace a accueilli le cocktail o\u00f9 les invit\u00e9s ont pu d\u00e9guster des boissons et des en-cas avant le repas.<\/p>\n\n\n\n<p><img fetchpriority=\"high\" decoding=\"async\" width=\"800\" height=\"533\" class=\"alignnone size-full wp-image-7936\" src=\"https:\/\/accionmk.com\/wp-content\/uploads\/2021\/12\/cocktail-18-aniversario-accionmk.jpg\" alt=\"Cocktail de c\u00e9l\u00e9bration du 18e anniversaire Acci\u00f3nMK\"><\/p>\n\n\n\n<p>Le d\u00e9jeuner s'est d\u00e9roul\u00e9 dans une zone adjacente au jardin o\u00f9 se tenait le cocktail, une zone ferm\u00e9e en verre, o\u00f9 nous avons d\u00e9gust\u00e9 un menu incroyable et pris ensuite des boissons au bar ouvert qui \u00e9tait \u00e0 notre disposition.<\/p>\n\n\n\n<p><img decoding=\"async\" width=\"800\" height=\"533\" class=\"alignnone size-full wp-image-7935\" src=\"https:\/\/accionmk.com\/wp-content\/uploads\/2021\/12\/almuerzo-celebracion-18-aniversario-accionmk.jpg\" alt=\"D\u00e9jeuner pour c\u00e9l\u00e9brer le 18\u00e8me anniversaire d&#039;Acci\u00f3nMK\"><\/p>\n\n\n\n<p>Deuxi\u00e8mement, et non des moindres, les invit\u00e9s qui ont assist\u00e9 \u00e0 l'\u00e9v\u00e9nement et, comme il ne pouvait en \u00eatre autrement, ainsi que le lieu choisi pour cette grande occasion, les invit\u00e9s \u00e0 l'\u00e9v\u00e9nement \u00e9taient \u00e9galement d'un tr\u00e8s haut niveau et importants pour nous. Parmi eux se trouvaient le maire de Malaga, Francisco de la Torre Prado, ainsi que d'autres maires et conseillers municipaux importants. Nos clients, qui sont les plus importants pour nous et sans lesquels nous n'aurions pas pu arriver l\u00e0 o\u00f9 nous sommes aujourd'hui, ainsi que toute l'\u00e9quipe d'Acci\u00f3nMK et de Clave 3, pour c\u00e9l\u00e9brer leur grand travail, leur professionnalisme et le d\u00e9vouement qu'ils ont apport\u00e9 \u00e0 notre entreprise.<\/p>\n\n\n\n<div class=\"wp-block-image\"><figure class=\"aligncenter size-full\"><img decoding=\"async\" src=\"https:\/\/accionmk.com\/wp-content\/uploads\/2021\/12\/alcalde-de-malaga-celebra-los-18-anos-de-accionmk.jpg\" alt=\"le maire de malaga c\u00e9l\u00e8bre les 18 ans d&#039;accionmk\" class=\"wp-image-7940\"\/><\/figure><\/div>\n\n\n\n<p>Avant le repas, un petit jeu a \u00e9t\u00e9 organis\u00e9 pour encourager la communication entre les diff\u00e9rents invit\u00e9s, puis des discours ont \u00e9t\u00e9 prononc\u00e9s. Francisco de la Torre Prado, maire de Malaga, a f\u00e9licit\u00e9 notre entreprise pour sa croissance et son bon travail, qui positionne Malaga comme une r\u00e9f\u00e9rence en mati\u00e8re de marketing. Il a \u00e9galement encourag\u00e9 l'entreprise \u00e0 continuer \u00e0 travailler comme elle le fait actuellement et a m\u00eame conseill\u00e9 \u00e0 d'autres entreprises de prendre Acci\u00f3nMK et Clave 3 comme exemple. Ensuite, Inmaculada Villegas Rubio, responsable de l'administration d'Acci\u00f3nMK, a prononc\u00e9 un discours dans lequel elle a remerci\u00e9 tous les clients de nous avoir choisis et tous les employ\u00e9s d'Acci\u00f3nMK et de Clave 3 pour le travail r\u00e9alis\u00e9 au fil des ans, qui a permis \u00e0 l'entreprise d'\u00eatre l\u00e0 o\u00f9 elle est aujourd'hui, c'est-\u00e0-dire l'une des entreprises de marketing les plus importantes au niveau national et qui commence \u00e0 avoir un impact \u00e0 l'\u00e9chelle internationale.<\/p>\n\n\n\n<div class=\"wp-block-image\"><figure class=\"aligncenter size-full\"><img decoding=\"async\" src=\"https:\/\/accionmk.com\/wp-content\/uploads\/2021\/12\/equipo-accionmk-clave3.jpg\" alt=\"Acci\u00f3nMK et l&#039;\u00e9quipe Clave3\" class=\"wp-image-7945\"\/><\/figure><\/div>\n\n\n\n<p>Cette journ\u00e9e et cet \u00e9v\u00e9nement resteront dans les m\u00e9moires de beaucoup et un grand souvenir pour notre entreprise. Un grand merci \u00e0 tous les invit\u00e9s et au personnel qui ont rendu cet \u00e9v\u00e9nement possible, pour leur excellent travail et pour cette magnifique journ\u00e9e qui ne sera pas oubli\u00e9e.<\/p>\n\n\n\n<div class=\"wp-block-image\"><figure class=\"aligncenter size-full\"><img decoding=\"async\" src=\"https:\/\/accionmk.com\/wp-content\/uploads\/2021\/12\/equipo-accionmk.jpg\" alt=\"L&#039;\u00e9quipe de professionnels d&#039;Acci\u00f3nMK\" class=\"wp-image-7943\"\/><\/figure><\/div>","protected":false},"excerpt":{"rendered":"<p>Le jeudi 2 d\u00e9cembre, nous avons organis\u00e9 l'un des \u00e9v\u00e9nements les plus importants de notre histoire en tant qu'entreprise, en c\u00e9l\u00e9brant le \"passage \u00e0 l'\u00e2ge adulte\", 18 ans apr\u00e8s la cr\u00e9ation de notre soci\u00e9t\u00e9. Et comme tous les anniversaires de passage \u00e0 l'\u00e2ge adulte, il a \u00e9t\u00e9 c\u00e9l\u00e9br\u00e9 avec style. Pour une bonne f\u00eate de passage \u00e0 l'\u00e2ge adulte [...]<\/p>","protected":false},"author":1,"featured_media":8930,"comment_status":"closed","ping_status":"closed","sticky":false,"template":"","format":"standard","meta":{"footnotes":""},"categories":[13,9,15,10],"tags":[],"class_list":["post-9604","post","type-post","status-publish","format-standard","has-post-thumbnail","hentry","category-accionmk-es","category-blog","category-marketingdigital","category-marketingestrategico"],"_links":{"self":[{"href":"https:\/\/www.accionmk.com\/fr\/wp-json\/wp\/v2\/posts\/9604","targetHints":{"allow":["GET"]}}],"collection":[{"href":"https:\/\/www.accionmk.com\/fr\/wp-json\/wp\/v2\/posts"}],"about":[{"href":"https:\/\/www.accionmk.com\/fr\/wp-json\/wp\/v2\/types\/post"}],"author":[{"embeddable":true,"href":"https:\/\/www.accionmk.com\/fr\/wp-json\/wp\/v2\/users\/1"}],"replies":[{"embeddable":true,"href":"https:\/\/www.accionmk.com\/fr\/wp-json\/wp\/v2\/comments?post=9604"}],"version-history":[{"count":0,"href":"https:\/\/www.accionmk.com\/fr\/wp-json\/wp\/v2\/posts\/9604\/revisions"}],"wp:featuredmedia":[{"embeddable":true,"href":"https:\/\/www.accionmk.com\/fr\/wp-json\/wp\/v2\/media\/8930"}],"wp:attachment":[{"href":"https:\/\/www.accionmk.com\/fr\/wp-json\/wp\/v2\/media?parent=9604"}],"wp:term":[{"taxonomy":"category","embeddable":true,"href":"https:\/\/www.accionmk.com\/fr\/wp-json\/wp\/v2\/categories?post=9604"},{"taxonomy":"post_tag","embeddable":true,"href":"https:\/\/www.accionmk.com\/fr\/wp-json\/wp\/v2\/tags?post=9604"}],"curies":[{"name":"wp","href":"https:\/\/api.w.org\/{rel}","templated":true}]}}